{"id":12627,"date":"2025-08-01T15:56:14","date_gmt":"2025-08-01T13:56:14","guid":{"rendered":"https:\/\/www.dumonthaltero.com\/?p=12627"},"modified":"2025-08-01T15:56:14","modified_gmt":"2025-08-01T13:56:14","slug":"une-9eme-place-aux-championnats-deurope-u15-u17-pour-lucas","status":"publish","type":"post","link":"https:\/\/www.dumonthaltero.com\/index.php\/2025\/08\/01\/une-9eme-place-aux-championnats-deurope-u15-u17-pour-lucas\/","title":{"rendered":"Une 9\u00e8me place aux Championnats d&rsquo;Europe U15-U17 pour Lucas"},"content":{"rendered":"<p><a href=\"https:\/\/www.dumonthaltero.com\/wp-content\/uploads\/2025\/08\/IMG_5754.jpeg\"><img loading=\"lazy\" decoding=\"async\" class=\"aligncenter wp-image-12629\" src=\"https:\/\/www.dumonthaltero.com\/wp-content\/uploads\/2025\/08\/IMG_5754-1024x538.jpeg\" alt=\"\" width=\"800\" height=\"420\" srcset=\"https:\/\/www.dumonthaltero.com\/wp-content\/uploads\/2025\/08\/IMG_5754-1024x538.jpeg 1024w, https:\/\/www.dumonthaltero.com\/wp-content\/uploads\/2025\/08\/IMG_5754-300x158.jpeg 300w, https:\/\/www.dumonthaltero.com\/wp-content\/uploads\/2025\/08\/IMG_5754-768x403.jpeg 768w, https:\/\/www.dumonthaltero.com\/wp-content\/uploads\/2025\/08\/IMG_5754.jpeg 1200w\" sizes=\"(max-width: 800px) 100vw, 800px\" \/><\/a><\/p>\n<h6 style=\"text-align: center;\">Source de l&rsquo;image\u00a0 : Comptes Instagram et Facebook de la FFHM<\/h6>\n<p>L&rsquo;\u00e9dition 2025 des championnats d&rsquo;Europe U15-U17, qui a pris place \u00e0 Madrid, s&rsquo;est achev\u00e9e il y a 2 jours. Pour l&rsquo;occasion, les nouvelles cat\u00e9gories de poids qui \u00e9taient de rigueur.<\/p>\n<p>Pour la troisi\u00e8me ann\u00e9e cons\u00e9cutive, un membre de l&rsquo;ASLDD a repr\u00e9sent\u00e9 l&rsquo;\u00e9quipe de France. Apr\u00e8s Aaron MAGGIO (2023 et 2024) et Lucas REY (2023), c&rsquo;\u00e9tait au tour de Lucas GAUTIER de porter les couleurs bleu-blanc-rouge.<\/p>\n<p>Engag\u00e9 en U17 -60kg, il a r\u00e9alis\u00e9 un match tr\u00e8s propre, se distinguant avec un sans-faute sur les deux mouvements et am\u00e9liorant ses records en comp\u00e9tition. Avec respectivement 95 kg et 115 kg soulev\u00e9s, il se classe 9\u00e8me au total. Il conclut de fort belle mani\u00e8re une premi\u00e8re saison d&rsquo;halt\u00e9rophilie r\u00e9ussie.<\/p>\n<p>F\u00e9licitations Lucas !<\/p>\n<blockquote class=\"wp-embedded-content\" data-secret=\"54OUpag06x\"><p><a href=\"https:\/\/www.ffhaltero.fr\/championnats-deurope-u15-u17-2025-resultats-prometteurs-pour-thomas-et-lucas\/\">Championnats d\u2019Europe U15-U17 2025 : r\u00e9sultats prometteurs pour Thomas et Lucas !<\/a><\/p><\/blockquote>\n<p><iframe loading=\"lazy\" class=\"wp-embedded-content\" sandbox=\"allow-scripts\" security=\"restricted\" style=\"position: absolute; visibility: hidden;\" title=\"\u00ab\u00a0Championnats d\u2019Europe U15-U17 2025 : r\u00e9sultats prometteurs pour Thomas et Lucas !\u00a0\u00bb &#8212; F\u00e9d\u00e9ration Fran\u00e7aise d&#039;Halt\u00e9rophilie - Musculation\" src=\"https:\/\/www.ffhaltero.fr\/championnats-deurope-u15-u17-2025-resultats-prometteurs-pour-thomas-et-lucas\/embed\/#?secret=7aVbngnxMZ#?secret=54OUpag06x\" data-secret=\"54OUpag06x\" width=\"500\" height=\"282\" frameborder=\"0\" marginwidth=\"0\" marginheight=\"0\" scrolling=\"no\"><\/iframe><\/p>\n","protected":false},"excerpt":{"rendered":"<p>Source de l&rsquo;image\u00a0 : Comptes Instagram et Facebook de la FFHM L&rsquo;\u00e9dition 2025 des championnats d&rsquo;Europe U15-U17, qui a pris place \u00e0 Madrid, s&rsquo;est achev\u00e9e il y a 2 jours. [&hellip;]<\/p>\n","protected":false},"author":8,"featured_media":0,"comment_status":"open","ping_status":"open","sticky":false,"template":"","format":"standard","meta":{"footnotes":""},"categories":[6],"tags":[],"class_list":["post-12627","post","type-post","status-publish","format-standard","hentry","category-competitions"],"_links":{"self":[{"href":"https:\/\/www.dumonthaltero.com\/index.php\/wp-json\/wp\/v2\/posts\/12627"}],"collection":[{"href":"https:\/\/www.dumonthaltero.com\/index.php\/wp-json\/wp\/v2\/posts"}],"about":[{"href":"https:\/\/www.dumonthaltero.com\/index.php\/wp-json\/wp\/v2\/types\/post"}],"author":[{"embeddable":true,"href":"https:\/\/www.dumonthaltero.com\/index.php\/wp-json\/wp\/v2\/users\/8"}],"replies":[{"embeddable":true,"href":"https:\/\/www.dumonthaltero.com\/index.php\/wp-json\/wp\/v2\/comments?post=12627"}],"version-history":[{"count":2,"href":"https:\/\/www.dumonthaltero.com\/index.php\/wp-json\/wp\/v2\/posts\/12627\/revisions"}],"predecessor-version":[{"id":12630,"href":"https:\/\/www.dumonthaltero.com\/index.php\/wp-json\/wp\/v2\/posts\/12627\/revisions\/12630"}],"wp:attachment":[{"href":"https:\/\/www.dumonthaltero.com\/index.php\/wp-json\/wp\/v2\/media?parent=12627"}],"wp:term":[{"taxonomy":"category","embeddable":true,"href":"https:\/\/www.dumonthaltero.com\/index.php\/wp-json\/wp\/v2\/categories?post=12627"},{"taxonomy":"post_tag","embeddable":true,"href":"https:\/\/www.dumonthaltero.com\/index.php\/wp-json\/wp\/v2\/tags?post=12627"}],"curies":[{"name":"wp","href":"https:\/\/api.w.org\/{rel}","templated":true}]}}